{"id":408,"date":"2022-10-07T16:09:34","date_gmt":"2022-10-07T14:09:34","guid":{"rendered":"https:\/\/www.kruell-architekten.de\/wordpress\/?p=408"},"modified":"2022-10-07T16:09:34","modified_gmt":"2022-10-07T14:09:34","slug":"forum-sandheide-kunst-am-bau","status":"publish","type":"post","link":"https:\/\/www.kruell-architekten.de\/wordpress\/allgemein\/forum-sandheide-kunst-am-bau\/","title":{"rendered":"Forum Sandheide   Kunst am Bau"},"content":{"rendered":"\n<p>Nach Folierung der Edelstahlbr\u00fcstungen und Errichtung der Skulptur, wurde heute die &#8222;Kunst am Bau&#8220; des Forums Sandheide vorgestellt.<br>Anwesend waren der K\u00fcnstler Lothar Kniep, die sp\u00e4teren Nutzer und Unterst\u00fctzer des Projektes.<\/p>\n\n\n\n<figure class=\"wp-block-image size-large\"><img loading=\"lazy\" decoding=\"async\" width=\"1024\" height=\"577\" src=\"https:\/\/www.kruell-architekten.de\/wordpress\/wp-content\/uploads\/2022\/10\/IMG-20221007-WA0003-1024x577.jpg\" alt=\"\" class=\"wp-image-410\" srcset=\"https:\/\/www.kruell-architekten.de\/wordpress\/wp-content\/uploads\/2022\/10\/IMG-20221007-WA0003-1024x577.jpg 1024w, https:\/\/www.kruell-architekten.de\/wordpress\/wp-content\/uploads\/2022\/10\/IMG-20221007-WA0003-300x169.jpg 300w, https:\/\/www.kruell-architekten.de\/wordpress\/wp-content\/uploads\/2022\/10\/IMG-20221007-WA0003-768x432.jpg 768w, https:\/\/www.kruell-architekten.de\/wordpress\/wp-content\/uploads\/2022\/10\/IMG-20221007-WA0003-1536x865.jpg 1536w, https:\/\/www.kruell-architekten.de\/wordpress\/wp-content\/uploads\/2022\/10\/IMG-20221007-WA0003-100x56.jpg 100w, https:\/\/www.kruell-architekten.de\/wordpress\/wp-content\/uploads\/2022\/10\/IMG-20221007-WA0003-862x485.jpg 862w, https:\/\/www.kruell-architekten.de\/wordpress\/wp-content\/uploads\/2022\/10\/IMG-20221007-WA0003-1170x659.jpg 1170w, https:\/\/www.kruell-architekten.de\/wordpress\/wp-content\/uploads\/2022\/10\/IMG-20221007-WA0003.jpg 2048w\" sizes=\"(max-width: 1024px) 100vw, 1024px\" \/><figcaption>Vorne links der K\u00fcnstler Lothar Kniep<\/figcaption><\/figure>\n","protected":false},"excerpt":{"rendered":"<p>Nach Folierung der Edelstahlbr\u00fcstungen und Errichtung der Skulptur, wurde heute die &#8222;Kunst am Bau&#8220; des Forums Sandheide vorgestellt.Anwesend waren der K\u00fcnstler Lothar Kniep, die sp\u00e4teren Nutzer und Unterst\u00fctzer des Projektes.<\/p>\n","protected":false},"author":2,"featured_media":0,"comment_status":"open","ping_status":"open","sticky":false,"template":"","format":"standard","meta":{"footnotes":""},"categories":[1],"tags":[],"class_list":["post-408","post","type-post","status-publish","format-standard","hentry","category-allgemein","no-post-thumbnail"],"_links":{"self":[{"href":"https:\/\/www.kruell-architekten.de\/wordpress\/wp-json\/wp\/v2\/posts\/408"}],"collection":[{"href":"https:\/\/www.kruell-architekten.de\/wordpress\/wp-json\/wp\/v2\/posts"}],"about":[{"href":"https:\/\/www.kruell-architekten.de\/wordpress\/wp-json\/wp\/v2\/types\/post"}],"author":[{"embeddable":true,"href":"https:\/\/www.kruell-architekten.de\/wordpress\/wp-json\/wp\/v2\/users\/2"}],"replies":[{"embeddable":true,"href":"https:\/\/www.kruell-architekten.de\/wordpress\/wp-json\/wp\/v2\/comments?post=408"}],"version-history":[{"count":5,"href":"https:\/\/www.kruell-architekten.de\/wordpress\/wp-json\/wp\/v2\/posts\/408\/revisions"}],"predecessor-version":[{"id":415,"href":"https:\/\/www.kruell-architekten.de\/wordpress\/wp-json\/wp\/v2\/posts\/408\/revisions\/415"}],"wp:attachment":[{"href":"https:\/\/www.kruell-architekten.de\/wordpress\/wp-json\/wp\/v2\/media?parent=408"}],"wp:term":[{"taxonomy":"category","embeddable":true,"href":"https:\/\/www.kruell-architekten.de\/wordpress\/wp-json\/wp\/v2\/categories?post=408"},{"taxonomy":"post_tag","embeddable":true,"href":"https:\/\/www.kruell-architekten.de\/wordpress\/wp-json\/wp\/v2\/tags?post=408"}],"curies":[{"name":"wp","href":"https:\/\/api.w.org\/{rel}","templated":true}]}}